{"id":31118,"date":"2023-07-01T07:24:29","date_gmt":"2023-07-01T05:24:29","guid":{"rendered":"https:\/\/swiss-fencing.ch\/europaeische-spiele-fechten-schweizer-degenfechter-gewinnen-silber\/"},"modified":"2023-07-01T18:24:11","modified_gmt":"2023-07-01T16:24:11","slug":"europaeische-spiele-fechten-schweizer-degenfechter-gewinnen-silber","status":"publish","type":"post","link":"https:\/\/swiss-fencing.ch\/de\/europaeische-spiele-fechten-schweizer-degenfechter-gewinnen-silber\/","title":{"rendered":"Europ\u00e4ische Spiele &#8211; Fechten: Schweizer Degenfechter gewinnen Silber"},"content":{"rendered":"\n<p>Die Schweizer Degenfechter haben bei den Europameisterschaften in Krakau eine Silbermedaille im Mannschaftswettbewerb gewonnen. Im Finale unterlagen sie Ungarn mit einem knappen Ergebnis von 28-26.<\/p>\n\n\n\n<p>Das Schweizer Quartett mit Alexis Bayard, Theo Brochard, Hadrien Favre und Leader Max Heinzer, gewann zum Auftakt gegen \u00d6sterreich mit 45-38, \u00fcberstand das Viertelfinale gegen Polen mit 28-23 und besiegte im Halbfinale den amtierenden Weltmeister Frankreich mit 45-43.<\/p>\n\n\n\n<p>F\u00fcr die neuen Vizeeuropameister, mit dem Nationaltrainer Stephane Le Roy ist dieses Ergebnis im Hinblick auf die Olympiaqualifikation f\u00fcr Paris 2024 sehr wichtig und gibt ihnen vor allem eine gro\u00dfe Portion Selbstvertrauen f\u00fcr die Weltmeisterschaften, die in drei Wochen in Mailand stattfinden werden.<\/p>\n\n\n\n<p>Die Schweizer, die 2018 Weltmeister wurden, haben seit acht Jahren nicht mehr auf dem Podium einer Europameisterschaft gestanden.<\/p>\n","protected":false},"excerpt":{"rendered":"<p>Die Schweizer Degenfechter haben bei den Europameisterschaften in Krakau eine Silbermedaille im Mannschaftswettbewerb gewonnen. Im Finale unterlagen sie Ungarn mit einem knappen Ergebnis von 28-26. Das Schweizer Quartett mit Alexis [&hellip;]<\/p>\n","protected":false},"author":9,"featured_media":31114,"comment_status":"open","ping_status":"closed","sticky":false,"template":"","format":"standard","meta":{"_acf_changed":false,"inline_featured_image":false,"_uag_custom_page_level_css":"","site-sidebar-layout":"default","site-content-layout":"","ast-site-content-layout":"","site-content-style":"default","site-sidebar-style":"default","ast-global-header-display":"","ast-banner-title-visibility":"","ast-main-header-display":"","ast-hfb-above-header-display":"","ast-hfb-below-header-display":"","ast-hfb-mobile-header-display":"","site-post-title":"","ast-breadcrumbs-content":"","ast-featured-img":"","footer-sml-layout":"","theme-transparent-header-meta":"","adv-header-id-meta":"","stick-header-meta":"","header-above-stick-meta":"","header-main-stick-meta":"","header-below-stick-meta":"","astra-migrate-meta-layouts":"default","ast-page-background-enabled":"default","ast-page-background-meta":{"desktop":{"background-color":"","background-image":"","background-repeat":"repeat","background-position":"center center","background-size":"auto","background-attachment":"scroll","background-type":"","background-media":"","overlay-type":"","overlay-color":"","overlay-opacity":"","overlay-gradient":""},"tablet":{"background-color":"","background-image":"","background-repeat":"repeat","background-position":"center center","background-size":"auto","background-attachment":"scroll","background-type":"","background-media":"","overlay-type":"","overlay-color":"","overlay-opacity":"","overlay-gradient":""},"mobile":{"background-color":"","background-image":"","background-repeat":"repeat","background-position":"center center","background-size":"auto","background-attachment":"scroll","background-type":"","background-media":"","overlay-type":"","overlay-color":"","overlay-opacity":"","overlay-gradient":""}},"ast-content-background-meta":{"desktop":{"background-color":"var(--ast-global-color-5)","background-image":"","background-repeat":"repeat","background-position":"center center","background-size":"auto","background-attachment":"scroll","background-type":"","background-media":"","overlay-type":"","overlay-color":"","overlay-opacity":"","overlay-gradient":""},"tablet":{"background-color":"var(--ast-global-color-5)","background-image":"","background-repeat":"repeat","background-position":"center center","background-size":"auto","background-attachment":"scroll","background-type":"","background-media":"","overlay-type":"","overlay-color":"","overlay-opacity":"","overlay-gradient":""},"mobile":{"background-color":"var(--ast-global-color-5)","background-image":"","background-repeat":"repeat","background-position":"center center","background-size":"auto","background-attachment":"scroll","background-type":"","background-media":"","overlay-type":"","overlay-color":"","overlay-opacity":"","overlay-gradient":""}},"_EventAllDay":false,"_EventTimezone":"","_EventStartDate":"","_EventEndDate":"","_EventStartDateUTC":"","_EventEndDateUTC":"","_EventShowMap":false,"_EventShowMapLink":false,"_EventURL":"","_EventCost":"","_EventCostDescription":"","_EventCurrencySymbol":"","_EventCurrencyCode":"","_EventCurrencyPosition":"","_EventDateTimeSeparator":"","_EventTimeRangeSeparator":"","_EventOrganizerID":[],"_EventVenueID":[],"_OrganizerEmail":"","_OrganizerPhone":"","_OrganizerWebsite":"","_VenueAddress":"","_VenueCity":"","_VenueCountry":"","_VenueProvince":"","_VenueState":"","_VenueZip":"","_VenuePhone":"","_VenueURL":"","_VenueStateProvince":"","_VenueLat":"","_VenueLng":"","_VenueShowMap":false,"_VenueShowMapLink":false,"footnotes":""},"categories":[156],"tags":[],"class_list":["post-31118","post","type-post","status-publish","format-standard","has-post-thumbnail","hentry","category-news-de"],"acf":[],"uagb_featured_image_src":{"full":["https:\/\/swiss-fencing.ch\/wp-content\/uploads\/2023\/06\/EM-Krakau-2023_Silber-scaled-e1688189095733.jpeg",2560,1383,false],"thumbnail":["https:\/\/swiss-fencing.ch\/wp-content\/uploads\/2023\/06\/EM-Krakau-2023_Silber-150x150.jpeg",150,150,true],"medium":["https:\/\/swiss-fencing.ch\/wp-content\/uploads\/2023\/06\/EM-Krakau-2023_Silber-300x162.jpeg",300,162,true],"medium_large":["https:\/\/swiss-fencing.ch\/wp-content\/uploads\/2023\/06\/EM-Krakau-2023_Silber-768x415.jpeg",768,415,true],"large":["https:\/\/swiss-fencing.ch\/wp-content\/uploads\/2023\/06\/EM-Krakau-2023_Silber-1024x553.jpeg",1024,553,true],"1536x1536":["https:\/\/swiss-fencing.ch\/wp-content\/uploads\/2023\/06\/EM-Krakau-2023_Silber-1536x830.jpeg",1536,830,true],"2048x2048":["https:\/\/swiss-fencing.ch\/wp-content\/uploads\/2023\/06\/EM-Krakau-2023_Silber-2048x1106.jpeg",2048,1106,true],"sf-entry-post":["https:\/\/swiss-fencing.ch\/wp-content\/uploads\/2023\/06\/EM-Krakau-2023_Silber-862x388.jpeg",862,388,true],"sf-thumbnail":["https:\/\/swiss-fencing.ch\/wp-content\/uploads\/2023\/06\/EM-Krakau-2023_Silber-178x138.jpeg",178,138,true]},"uagb_author_info":{"display_name":"Anna Varfolomeeva","author_link":"https:\/\/swiss-fencing.ch\/de\/author\/anna255\/"},"uagb_comment_info":0,"uagb_excerpt":"Die Schweizer Degenfechter haben bei den Europameisterschaften in Krakau eine Silbermedaille im Mannschaftswettbewerb gewonnen. Im Finale unterlagen sie Ungarn mit einem knappen Ergebnis von 28-26. Das Schweizer Quartett mit Alexis [&hellip;]","_links":{"self":[{"href":"https:\/\/swiss-fencing.ch\/de\/wp-json\/wp\/v2\/posts\/31118","targetHints":{"allow":["GET"]}}],"collection":[{"href":"https:\/\/swiss-fencing.ch\/de\/wp-json\/wp\/v2\/posts"}],"about":[{"href":"https:\/\/swiss-fencing.ch\/de\/wp-json\/wp\/v2\/types\/post"}],"author":[{"embeddable":true,"href":"https:\/\/swiss-fencing.ch\/de\/wp-json\/wp\/v2\/users\/9"}],"replies":[{"embeddable":true,"href":"https:\/\/swiss-fencing.ch\/de\/wp-json\/wp\/v2\/comments?post=31118"}],"version-history":[{"count":2,"href":"https:\/\/swiss-fencing.ch\/de\/wp-json\/wp\/v2\/posts\/31118\/revisions"}],"predecessor-version":[{"id":31159,"href":"https:\/\/swiss-fencing.ch\/de\/wp-json\/wp\/v2\/posts\/31118\/revisions\/31159"}],"wp:featuredmedia":[{"embeddable":true,"href":"https:\/\/swiss-fencing.ch\/de\/wp-json\/wp\/v2\/media\/31114"}],"wp:attachment":[{"href":"https:\/\/swiss-fencing.ch\/de\/wp-json\/wp\/v2\/media?parent=31118"}],"wp:term":[{"taxonomy":"category","embeddable":true,"href":"https:\/\/swiss-fencing.ch\/de\/wp-json\/wp\/v2\/categories?post=31118"},{"taxonomy":"post_tag","embeddable":true,"href":"https:\/\/swiss-fencing.ch\/de\/wp-json\/wp\/v2\/tags?post=31118"}],"curies":[{"name":"wp","href":"https:\/\/api.w.org\/{rel}","templated":true}]}}