{"id":49030,"date":"2025-04-27T09:06:32","date_gmt":"2025-04-27T07:06:32","guid":{"rendered":"https:\/\/swiss-fencing.ch\/?p=49030"},"modified":"2025-04-28T09:50:58","modified_gmt":"2025-04-28T07:50:58","slug":"vorfall-in-talinn","status":"publish","type":"post","link":"https:\/\/swiss-fencing.ch\/de\/vorfall-in-talinn\/","title":{"rendered":"Vorfall in Talinn"},"content":{"rendered":"\n<p>Der Fechtverband hat in der Nacht auf Sonntag von der Aktion unseres U23 Teams in Estland erfahren. Swiss Fencing hat kein Verst\u00e4ndnis daf\u00fcr, dass sein Team die Siegerehrung f\u00fcr eine politische Manifestation missbraucht hat. Immerhin gilt es festzuhalten, dass unsere Sportler den israelischen Siegern nach dem Final sportlich gratuliert haben.<\/p>\n\n\n\n<p>Grunds\u00e4tzlich ist Swiss Fencing der Meinung, dass sich sportliche Wettk\u00e4mpfe nicht f\u00fcr politische Meinungs\u00e4usserungen eignen, auch wenn Sportlerinnen und Sportler nat\u00fcrlich ihre pers\u00f6nliche Meinung zum Weltgeschehen haben d\u00fcrfen.<\/p>\n\n\n\n<p>Swiss Fencing wird nach R\u00fcckkehr der Sportler aus Estland das Gespr\u00e4ch mit der U23 Mannschaft aufnehmen und dann \u00fcber allf\u00e4llige Massnahmen entscheiden.<\/p>\n\n\n\n<p>Wir bedauern, dass dieses Verhalten die Gef\u00fchle der israelischen Delegation verletzt und die sportlichen Erfolge des Schweizer Teams mit drei Medaillen an dieser U23-Europameisterschaft diskreditiert hat. Wir gratulieren der israelischen Mannschaft zur Goldmedaille im Teamwettkampf.<\/p>\n\n\n\n<p><em>The Swiss Fencing Federation has been informed about the actions of our U23 men&#8217;s team in Tallinn, Estonia, during the night of Saturday to Sunday. Swiss Fencing has no understanding for the fact that the team misused the award ceremony of the European U23 Team Championships for political means. However, it should be noted that the Swiss athletes congratulated the Israeli winners after the final in a sporting manner.<br><\/em><\/p>\n\n\n\n<p><em>As a matter of principle, Swiss Fencing is of the opinion that sporting competitions are not suitable for the expression of political opinions, even if athletes are of course allowed to have their own personal viewpoint on current world affairs.<br><\/em><\/p>\n\n\n\n<p><em>Swiss Fencing will discuss this important matter with the U23 men&#8217;s team after the athletes return from Estonia and then decide on any actions to be taken.<\/em><\/p>\n\n\n\n<p><em>We deeply regret that this behavior hurt the feelings of the Israeli delegation and demeaned the sporting success of the Swiss team with three medals at this U23 European Championships. We congratulate the Israeli team on their gold medal in the team competition.<br><\/em><\/p>\n\n\n\n<p><\/p>\n","protected":false},"excerpt":{"rendered":"<p>Der Fechtverband hat in der Nacht auf Sonntag von der Aktion unseres U23 Teams in Estland erfahren. Swiss Fencing hat kein Verst\u00e4ndnis daf\u00fcr, dass sein Team die Siegerehrung f\u00fcr eine [&hellip;]<\/p>\n","protected":false},"author":16,"featured_media":49033,"comment_status":"closed","ping_status":"closed","sticky":false,"template":"","format":"standard","meta":{"_acf_changed":false,"inline_featured_image":false,"_uag_custom_page_level_css":"","site-sidebar-layout":"default","site-content-layout":"","ast-site-content-layout":"default","site-content-style":"default","site-sidebar-style":"default","ast-global-header-display":"","ast-banner-title-visibility":"","ast-main-header-display":"","ast-hfb-above-header-display":"","ast-hfb-below-header-display":"","ast-hfb-mobile-header-display":"","site-post-title":"","ast-breadcrumbs-content":"","ast-featured-img":"","footer-sml-layout":"","theme-transparent-header-meta":"","adv-header-id-meta":"","stick-header-meta":"","header-above-stick-meta":"","header-main-stick-meta":"","header-below-stick-meta":"","astra-migrate-meta-layouts":"set","ast-page-background-enabled":"default","ast-page-background-meta":{"desktop":{"background-color":"","background-image":"","background-repeat":"repeat","background-position":"center center","background-size":"auto","background-attachment":"scroll","background-type":"","background-media":"","overlay-type":"","overlay-color":"","overlay-opacity":"","overlay-gradient":""},"tablet":{"background-color":"","background-image":"","background-repeat":"repeat","background-position":"center center","background-size":"auto","background-attachment":"scroll","background-type":"","background-media":"","overlay-type":"","overlay-color":"","overlay-opacity":"","overlay-gradient":""},"mobile":{"background-color":"","background-image":"","background-repeat":"repeat","background-position":"center center","background-size":"auto","background-attachment":"scroll","background-type":"","background-media":"","overlay-type":"","overlay-color":"","overlay-opacity":"","overlay-gradient":""}},"ast-content-background-meta":{"desktop":{"background-color":"var(--ast-global-color-5)","background-image":"","background-repeat":"repeat","background-position":"center center","background-size":"auto","background-attachment":"scroll","background-type":"","background-media":"","overlay-type":"","overlay-color":"","overlay-opacity":"","overlay-gradient":""},"tablet":{"background-color":"var(--ast-global-color-5)","background-image":"","background-repeat":"repeat","background-position":"center center","background-size":"auto","background-attachment":"scroll","background-type":"","background-media":"","overlay-type":"","overlay-color":"","overlay-opacity":"","overlay-gradient":""},"mobile":{"background-color":"var(--ast-global-color-5)","background-image":"","background-repeat":"repeat","background-position":"center center","background-size":"auto","background-attachment":"scroll","background-type":"","background-media":"","overlay-type":"","overlay-color":"","overlay-opacity":"","overlay-gradient":""}},"_EventAllDay":false,"_EventTimezone":"","_EventStartDate":"","_EventEndDate":"","_EventStartDateUTC":"","_EventEndDateUTC":"","_EventShowMap":false,"_EventShowMapLink":false,"_EventURL":"","_EventCost":"","_EventCostDescription":"","_EventCurrencySymbol":"","_EventCurrencyCode":"","_EventCurrencyPosition":"","_EventDateTimeSeparator":"","_EventTimeRangeSeparator":"","_EventOrganizerID":[],"_EventVenueID":[],"_OrganizerEmail":"","_OrganizerPhone":"","_OrganizerWebsite":"","_VenueAddress":"","_VenueCity":"","_VenueCountry":"","_VenueProvince":"","_VenueState":"","_VenueZip":"","_VenuePhone":"","_VenueURL":"","_VenueStateProvince":"","_VenueLat":"","_VenueLng":"","_VenueShowMap":false,"_VenueShowMapLink":false,"footnotes":""},"categories":[98],"tags":[],"class_list":["post-49030","post","type-post","status-publish","format-standard","has-post-thumbnail","hentry","category-communique-de-presse"],"acf":[],"uagb_featured_image_src":{"full":["https:\/\/swiss-fencing.ch\/wp-content\/uploads\/2025\/04\/PHOTO-2025-04-27-08-31-01-scaled.jpg",2560,1682,false],"thumbnail":["https:\/\/swiss-fencing.ch\/wp-content\/uploads\/2025\/04\/PHOTO-2025-04-27-08-31-01-150x150.jpg",150,150,true],"medium":["https:\/\/swiss-fencing.ch\/wp-content\/uploads\/2025\/04\/PHOTO-2025-04-27-08-31-01-300x197.jpg",300,197,true],"medium_large":["https:\/\/swiss-fencing.ch\/wp-content\/uploads\/2025\/04\/PHOTO-2025-04-27-08-31-01-768x505.jpg",768,505,true],"large":["https:\/\/swiss-fencing.ch\/wp-content\/uploads\/2025\/04\/PHOTO-2025-04-27-08-31-01-1024x673.jpg",1024,673,true],"1536x1536":["https:\/\/swiss-fencing.ch\/wp-content\/uploads\/2025\/04\/PHOTO-2025-04-27-08-31-01-1536x1009.jpg",1536,1009,true],"2048x2048":["https:\/\/swiss-fencing.ch\/wp-content\/uploads\/2025\/04\/PHOTO-2025-04-27-08-31-01-2048x1346.jpg",2048,1346,true],"sf-entry-post":["https:\/\/swiss-fencing.ch\/wp-content\/uploads\/2025\/04\/PHOTO-2025-04-27-08-31-01-862x388.jpg",862,388,true],"sf-thumbnail":["https:\/\/swiss-fencing.ch\/wp-content\/uploads\/2025\/04\/PHOTO-2025-04-27-08-31-01-178x138.jpg",178,138,true]},"uagb_author_info":{"display_name":"Sandro","author_link":"https:\/\/swiss-fencing.ch\/de\/author\/sandro\/"},"uagb_comment_info":0,"uagb_excerpt":"Der Fechtverband hat in der Nacht auf Sonntag von der Aktion unseres U23 Teams in Estland erfahren. Swiss Fencing hat kein Verst\u00e4ndnis daf\u00fcr, dass sein Team die Siegerehrung f\u00fcr eine [&hellip;]","_links":{"self":[{"href":"https:\/\/swiss-fencing.ch\/de\/wp-json\/wp\/v2\/posts\/49030","targetHints":{"allow":["GET"]}}],"collection":[{"href":"https:\/\/swiss-fencing.ch\/de\/wp-json\/wp\/v2\/posts"}],"about":[{"href":"https:\/\/swiss-fencing.ch\/de\/wp-json\/wp\/v2\/types\/post"}],"author":[{"embeddable":true,"href":"https:\/\/swiss-fencing.ch\/de\/wp-json\/wp\/v2\/users\/16"}],"replies":[{"embeddable":true,"href":"https:\/\/swiss-fencing.ch\/de\/wp-json\/wp\/v2\/comments?post=49030"}],"version-history":[{"count":5,"href":"https:\/\/swiss-fencing.ch\/de\/wp-json\/wp\/v2\/posts\/49030\/revisions"}],"predecessor-version":[{"id":49054,"href":"https:\/\/swiss-fencing.ch\/de\/wp-json\/wp\/v2\/posts\/49030\/revisions\/49054"}],"wp:featuredmedia":[{"embeddable":true,"href":"https:\/\/swiss-fencing.ch\/de\/wp-json\/wp\/v2\/media\/49033"}],"wp:attachment":[{"href":"https:\/\/swiss-fencing.ch\/de\/wp-json\/wp\/v2\/media?parent=49030"}],"wp:term":[{"taxonomy":"category","embeddable":true,"href":"https:\/\/swiss-fencing.ch\/de\/wp-json\/wp\/v2\/categories?post=49030"},{"taxonomy":"post_tag","embeddable":true,"href":"https:\/\/swiss-fencing.ch\/de\/wp-json\/wp\/v2\/tags?post=49030"}],"curies":[{"name":"wp","href":"https:\/\/api.w.org\/{rel}","templated":true}]}}