{"id":10912,"date":"2026-08-31T11:33:24","date_gmt":"2026-08-31T09:33:24","guid":{"rendered":"https:\/\/swiss-fencing.ch\/?p=10912"},"modified":"2026-08-31T11:38:33","modified_gmt":"2026-08-31T09:38:33","slug":"sion-celebre-son-champion-du-monde-lucas-malcotti","status":"publish","type":"post","link":"https:\/\/swiss-fencing.ch\/fr\/sion-celebre-son-champion-du-monde-lucas-malcotti\/","title":{"rendered":"Sion c\u00e9l\u00e8bre son champion du monde Lucas Malcotti"},"content":{"rendered":"[vc_row type=\u00a0\u00bbin_container\u00a0\u00bb full_screen_row_position=\u00a0\u00bbmiddle\u00a0\u00bb column_margin=\u00a0\u00bbdefault\u00a0\u00bb column_direction=\u00a0\u00bbdefault\u00a0\u00bb column_direction_tablet=\u00a0\u00bbdefault\u00a0\u00bb column_direction_phone=\u00a0\u00bbdefault\u00a0\u00bb scene_position=\u00a0\u00bbcenter\u00a0\u00bb text_color=\u00a0\u00bbdark\u00a0\u00bb text_align=\u00a0\u00bbleft\u00a0\u00bb row_border_radius=\u00a0\u00bbnone\u00a0\u00bb row_border_radius_applies=\u00a0\u00bbbg\u00a0\u00bb row_position_desktop=\u00a0\u00bbdefault\u00a0\u00bb row_position_tablet=\u00a0\u00bbinherit\u00a0\u00bb row_position_phone=\u00a0\u00bbinherit\u00a0\u00bb overflow=\u00a0\u00bbvisible\u00a0\u00bb overlay_strength=\u00a0\u00bb0.3&Prime; gradient_direction=\u00a0\u00bbleft_to_right\u00a0\u00bb shape_divider_position=\u00a0\u00bbbottom\u00a0\u00bb bg_image_animation=\u00a0\u00bbnone\u00a0\u00bb][vc_column column_padding=\u00a0\u00bbno-extra-padding\u00a0\u00bb column_padding_tablet=\u00a0\u00bbinherit\u00a0\u00bb column_padding_phone=\u00a0\u00bbinherit\u00a0\u00bb column_padding_position=\u00a0\u00bball\u00a0\u00bb flex_gap_desktop=\u00a0\u00bb10px\u00a0\u00bb column_element_direction_desktop=\u00a0\u00bbdefault\u00a0\u00bb column_element_spacing=\u00a0\u00bbdefault\u00a0\u00bb desktop_text_alignment=\u00a0\u00bbdefault\u00a0\u00bb tablet_text_alignment=\u00a0\u00bbdefault\u00a0\u00bb phone_text_alignment=\u00a0\u00bbdefault\u00a0\u00bb background_color_opacity=\u00a0\u00bb1&Prime; background_hover_color_opacity=\u00a0\u00bb1&Prime; column_backdrop_filter=\u00a0\u00bbnone\u00a0\u00bb column_shadow=\u00a0\u00bbnone\u00a0\u00bb column_border_radius=\u00a0\u00bbnone\u00a0\u00bb column_link_target=\u00a0\u00bb_self\u00a0\u00bb column_position=\u00a0\u00bbdefault\u00a0\u00bb gradient_direction=\u00a0\u00bbleft_to_right\u00a0\u00bb overlay_strength=\u00a0\u00bb0.3&Prime; width=\u00a0\u00bb1\/1&Prime; tablet_width_inherit=\u00a0\u00bbdefault\u00a0\u00bb animation_type=\u00a0\u00bbdefault\u00a0\u00bb bg_image_animation=\u00a0\u00bbnone\u00a0\u00bb border_type=\u00a0\u00bbsimple\u00a0\u00bb column_border_width=\u00a0\u00bbnone\u00a0\u00bb column_border_style=\u00a0\u00bbsolid\u00a0\u00bb][image_with_animation image_url=\u00a0\u00bb10891&Prime; image_size=\u00a0\u00bbfull\u00a0\u00bb max_width=\u00a0\u00bb100%\u00a0\u00bb max_width_mobile=\u00a0\u00bbdefault\u00a0\u00bb animation_type=\u00a0\u00bbentrance\u00a0\u00bb animation=\u00a0\u00bbNone\u00a0\u00bb animation_movement_type=\u00a0\u00bbtransform_y\u00a0\u00bb hover_animation=\u00a0\u00bbnone\u00a0\u00bb alignment=\u00a0\u00bb\u00a0\u00bb border_radius=\u00a0\u00bbnone\u00a0\u00bb box_shadow=\u00a0\u00bbnone\u00a0\u00bb image_loading=\u00a0\u00bbdefault\u00a0\u00bb][vc_column_text css=\u00a0\u00bb\u00a0\u00bb text_direction=\u00a0\u00bbdefault\u00a0\u00bb]\n<p class=\"p1\">Un peu plus d\u2019un mois apr\u00e8s son triomphe aux Championnats du monde \u00e0 Hong Kong, Lucas Malcotti a \u00e9t\u00e9 c\u00e9l\u00e9br\u00e9 \u00e0 Sion. Des repr\u00e9sentants des milieux politiques, sportifs et de la soci\u00e9t\u00e9 civile ont rendu hommage, le vendredi 28 ao\u00fbt, au premier titre mondial de l\u2019\u00e9p\u00e9iste valaisan.<\/p>\n<p class=\"p1\">Une quarantaine de personnes ont particip\u00e9 \u00e0 la r\u00e9ception officielle. Parmi les invit\u00e9s figuraient le pr\u00e9sident de la Ville de Sion <em>Philippe Varone<\/em>, le conseiller d\u2019\u00c9tat valaisan <em>St\u00e9phane Ganzer<\/em>, <em>Ralf Kreuzer<\/em> de l\u2019Office cantonal du sport, le responsable des sports de la Ville de Sion <em>Blaise Crittin<\/em> ainsi que <em>C\u00e9line Dessimoz<\/em>, pr\u00e9sidente du Grand Conseil valaisan. Plusieurs personnalit\u00e9s de l\u2019escrime \u00e9taient \u00e9galement pr\u00e9sentes, dont les deux m\u00e9daill\u00e9s olympiques <em>Jean-Blaise<\/em> et <em>Guy Ev\u00e9quoz<\/em> ainsi que l\u2019ancienne championne d\u2019Europe <em>Tiffany G\u00e9roudet<\/em>.<\/p>\n<p class=\"p1\">En ouverture, les invit\u00e9s ont pu revivre le moment o\u00f9 Malcotti avait \u00e9crit l\u2019histoire, le 25 juillet \u00e0 Hong Kong : sa finale des Championnats du monde a \u00e9t\u00e9 diffus\u00e9e sur grand \u00e9cran. Les repr\u00e9sentants des autorit\u00e9s ont ensuite pris la parole, avant le champion du monde lui-m\u00eame.<\/p>\n<p class=\"p1\">Apr\u00e8s la partie officielle, les festivit\u00e9s se sont poursuivies autour d\u2019un ap\u00e9ritif. Une initiation \u00e0 l\u2019escrime a \u00e9galement permis aux personnes int\u00e9ress\u00e9es de d\u00e9couvrir elles-m\u00eames le sport de Lucas Malcotti.<\/p>\n<p class=\"p1\">Dans l\u2019interview, le Valaisan de 30 ans revient sur le moment o\u00f9 il a v\u00e9ritablement r\u00e9alis\u00e9 qu\u2019il \u00e9tait champion du monde, sur les p\u00e9riodes difficiles de sa carri\u00e8re et sur les objectifs qu\u2019il poursuit apr\u00e8s le plus grand succ\u00e8s de son parcours.<\/p>\n[\/vc_column_text][\/vc_column][\/vc_row][vc_row type=\u00a0\u00bbin_container\u00a0\u00bb full_screen_row_position=\u00a0\u00bbmiddle\u00a0\u00bb column_margin=\u00a0\u00bbdefault\u00a0\u00bb column_direction=\u00a0\u00bbdefault\u00a0\u00bb column_direction_tablet=\u00a0\u00bbdefault\u00a0\u00bb column_direction_phone=\u00a0\u00bbdefault\u00a0\u00bb scene_position=\u00a0\u00bbcenter\u00a0\u00bb text_color=\u00a0\u00bbdark\u00a0\u00bb text_align=\u00a0\u00bbleft\u00a0\u00bb row_border_radius=\u00a0\u00bbnone\u00a0\u00bb row_border_radius_applies=\u00a0\u00bbbg\u00a0\u00bb row_position_desktop=\u00a0\u00bbdefault\u00a0\u00bb row_position_tablet=\u00a0\u00bbinherit\u00a0\u00bb row_position_phone=\u00a0\u00bbinherit\u00a0\u00bb overflow=\u00a0\u00bbvisible\u00a0\u00bb overlay_strength=\u00a0\u00bb0.3&Prime; gradient_direction=\u00a0\u00bbleft_to_right\u00a0\u00bb shape_divider_position=\u00a0\u00bbbottom\u00a0\u00bb bg_image_animation=\u00a0\u00bbnone\u00a0\u00bb][vc_column column_padding=\u00a0\u00bbno-extra-padding\u00a0\u00bb column_padding_tablet=\u00a0\u00bbinherit\u00a0\u00bb column_padding_phone=\u00a0\u00bbinherit\u00a0\u00bb column_padding_position=\u00a0\u00bball\u00a0\u00bb flex_gap_desktop=\u00a0\u00bb10px\u00a0\u00bb column_element_direction_desktop=\u00a0\u00bbdefault\u00a0\u00bb column_element_spacing=\u00a0\u00bbdefault\u00a0\u00bb desktop_text_alignment=\u00a0\u00bbdefault\u00a0\u00bb tablet_text_alignment=\u00a0\u00bbdefault\u00a0\u00bb phone_text_alignment=\u00a0\u00bbdefault\u00a0\u00bb background_color_opacity=\u00a0\u00bb1&Prime; background_hover_color_opacity=\u00a0\u00bb1&Prime; column_backdrop_filter=\u00a0\u00bbnone\u00a0\u00bb column_shadow=\u00a0\u00bbnone\u00a0\u00bb column_border_radius=\u00a0\u00bbnone\u00a0\u00bb column_link_target=\u00a0\u00bb_self\u00a0\u00bb column_position=\u00a0\u00bbdefault\u00a0\u00bb gradient_direction=\u00a0\u00bbleft_to_right\u00a0\u00bb overlay_strength=\u00a0\u00bb0.3&Prime; width=\u00a0\u00bb1\/1&Prime; tablet_width_inherit=\u00a0\u00bbdefault\u00a0\u00bb animation_type=\u00a0\u00bbdefault\u00a0\u00bb bg_image_animation=\u00a0\u00bbnone\u00a0\u00bb border_type=\u00a0\u00bbsimple\u00a0\u00bb column_border_width=\u00a0\u00bbnone\u00a0\u00bb column_border_style=\u00a0\u00bbsolid\u00a0\u00bb][image_with_animation image_url=\u00a0\u00bb10888&Prime; image_size=\u00a0\u00bbfull\u00a0\u00bb max_width=\u00a0\u00bb100%\u00a0\u00bb max_width_mobile=\u00a0\u00bbdefault\u00a0\u00bb animation_type=\u00a0\u00bbentrance\u00a0\u00bb animation=\u00a0\u00bbNone\u00a0\u00bb animation_movement_type=\u00a0\u00bbtransform_y\u00a0\u00bb hover_animation=\u00a0\u00bbnone\u00a0\u00bb alignment=\u00a0\u00bb\u00a0\u00bb border_radius=\u00a0\u00bbnone\u00a0\u00bb box_shadow=\u00a0\u00bbnone\u00a0\u00bb image_loading=\u00a0\u00bbdefault\u00a0\u00bb][vc_column_text css=\u00a0\u00bb\u00a0\u00bb text_direction=\u00a0\u00bbdefault\u00a0\u00bb]<strong>Lucas, un mois apr\u00e8s ton titre de champion du monde \u00e0 Hong Kong, qu\u2019est-ce qui reste le plus fort de cette journ\u00e9e et de cette victoire ?<\/strong><br \/>\nJe pense que c\u2019est vraiment le moment o\u00f9 tu r\u00e9alises que tu es champion du monde. Pendant toute la comp\u00e9tition, tu es concentr\u00e9 sur chaque touche et tu ne penses pas vraiment \u00e0 ce que \u00e7a repr\u00e9sente. Puis, apr\u00e8s la derni\u00e8re touche, tout retombe et tu r\u00e9alises. Avec un peu de recul, je retiens surtout les ann\u00e9es de travail et toutes les personnes qui m\u2019ont accompagn\u00e9 jusqu\u2019\u00e0 cette victoire.<\/p>\n<p><strong>Le vendredi 28 ao\u00fbt, Sion et ton club ont c\u00e9l\u00e9br\u00e9 ton titre de champion du monde. Comment as-tu v\u00e9cu cette journ\u00e9e ?<\/strong><br \/>\nC\u2019\u00e9tait une journ\u00e9e vraiment particuli\u00e8re et tr\u00e8s \u00e9mouvante. \u00c0 Hong Kong, j\u2019\u00e9tais dans ma bulle avec la comp\u00e9tition, donc revenir \u00e0 Sion et voir autant de personnes r\u00e9unies pour c\u00e9l\u00e9brer ce titre, \u00e7a m\u2019a beaucoup touch\u00e9. Le club a une place importante dans mon parcours. C\u2019est l\u00e0 que j\u2019ai commenc\u00e9 et que j\u2019ai grandi comme escrimeur. Pour moi, cette m\u00e9daille repr\u00e9sente aussi toutes les personnes qui m\u2019ont accompagn\u00e9.<\/p>\n<p><strong>Ce titre mondial est le plus grand succ\u00e8s de ta carri\u00e8re. Est-ce qu\u2019il a chang\u00e9 quelque chose dans ta mani\u00e8re de te voir comme escrimeur ?<\/strong><br \/>\nForc\u00e9ment, le regard des autres change un peu. Mais personnellement, je reste le m\u00eame homme. Ce titre me donne surtout encore plus envie de travailler. Maintenant, les autres vont vouloir me battre, donc \u00e0 moi de continuer \u00e0 progresser.<\/p>\n<p><strong>Derri\u00e8re cette m\u00e9daille d\u2019or, il y a des ann\u00e9es de travail et des moments difficiles. Quel a \u00e9t\u00e9 le moment le plus important de ton parcours ?<\/strong><br \/>\nJe pense que les moments difficiles sont justement ceux qui m\u2019ont le plus fait progresser. Il y a eu des p\u00e9riodes de doute mais j\u2019ai toujours essay\u00e9 de continuer \u00e0 avancer. Et j\u2019ai aussi eu la chance de grandir dans un club comme celui de Sion, avec une vraie continuit\u00e9 entre les g\u00e9n\u00e9rations. Il y a beaucoup de transmission, et je pense que c\u2019est aussi une des raisons pour lesquelles Sion est aussi fort en escrime.<\/p>\n<p><strong>Apr\u00e8s \u00eatre devenu champion du monde, comment se fixe-t-on de nouveaux objectifs ?<\/strong><br \/>\nCe n\u2019est pas forc\u00e9ment \u00e9vident apr\u00e8s avoir atteint un objectif aussi important. Mais je pense qu\u2019il faut surtout continuer \u00e0 progresser. J\u2019ai encore beaucoup d\u2019objectifs : continuer \u00e0 performer au plus haut niveau, gagner d\u2019autres grandes comp\u00e9titions et, bien s\u00fbr, aller chercher les Jeux olympiques.<br \/>\nJ\u2019esp\u00e8re aussi que ce titre permettra de donner encore plus de visibilit\u00e9 \u00e0 notre sport et que la f\u00e9d\u00e9ration pourra continuer \u00e0 investir davantage dans les athl\u00e8tes et dans les conditions qui nous permettent de performer au plus haut niveau. On a une \u00e9quipe qui a beaucoup de potentiel, et je pense qu\u2019il faut maintenant lui donner les moyens de continuer \u00e0 progresser. Mais pour l\u2019instant, mon objectif principal est de r\u00e9ussir \u00e0 rester au plus haut niveau.<\/p>\n[\/vc_column_text][\/vc_column][\/vc_row][vc_row type=\u00a0\u00bbin_container\u00a0\u00bb full_screen_row_position=\u00a0\u00bbmiddle\u00a0\u00bb column_margin=\u00a0\u00bbdefault\u00a0\u00bb column_direction=\u00a0\u00bbdefault\u00a0\u00bb column_direction_tablet=\u00a0\u00bbdefault\u00a0\u00bb column_direction_phone=\u00a0\u00bbdefault\u00a0\u00bb scene_position=\u00a0\u00bbcenter\u00a0\u00bb text_color=\u00a0\u00bbdark\u00a0\u00bb text_align=\u00a0\u00bbleft\u00a0\u00bb row_border_radius=\u00a0\u00bbnone\u00a0\u00bb row_border_radius_applies=\u00a0\u00bbbg\u00a0\u00bb row_position_desktop=\u00a0\u00bbdefault\u00a0\u00bb row_position_tablet=\u00a0\u00bbinherit\u00a0\u00bb row_position_phone=\u00a0\u00bbinherit\u00a0\u00bb overflow=\u00a0\u00bbvisible\u00a0\u00bb overlay_strength=\u00a0\u00bb0.3&Prime; gradient_direction=\u00a0\u00bbleft_to_right\u00a0\u00bb shape_divider_position=\u00a0\u00bbbottom\u00a0\u00bb bg_image_animation=\u00a0\u00bbnone\u00a0\u00bb][vc_column column_padding=\u00a0\u00bbno-extra-padding\u00a0\u00bb column_padding_tablet=\u00a0\u00bbinherit\u00a0\u00bb column_padding_phone=\u00a0\u00bbinherit\u00a0\u00bb column_padding_position=\u00a0\u00bball\u00a0\u00bb flex_gap_desktop=\u00a0\u00bb10px\u00a0\u00bb column_element_direction_desktop=\u00a0\u00bbdefault\u00a0\u00bb column_element_spacing=\u00a0\u00bbdefault\u00a0\u00bb desktop_text_alignment=\u00a0\u00bbdefault\u00a0\u00bb tablet_text_alignment=\u00a0\u00bbdefault\u00a0\u00bb phone_text_alignment=\u00a0\u00bbdefault\u00a0\u00bb background_color_opacity=\u00a0\u00bb1&Prime; background_hover_color_opacity=\u00a0\u00bb1&Prime; column_backdrop_filter=\u00a0\u00bbnone\u00a0\u00bb column_shadow=\u00a0\u00bbnone\u00a0\u00bb column_border_radius=\u00a0\u00bbnone\u00a0\u00bb column_link_target=\u00a0\u00bb_self\u00a0\u00bb column_position=\u00a0\u00bbdefault\u00a0\u00bb gradient_direction=\u00a0\u00bbleft_to_right\u00a0\u00bb overlay_strength=\u00a0\u00bb0.3&Prime; width=\u00a0\u00bb1\/1&Prime; tablet_width_inherit=\u00a0\u00bbdefault\u00a0\u00bb animation_type=\u00a0\u00bbdefault\u00a0\u00bb bg_image_animation=\u00a0\u00bbnone\u00a0\u00bb border_type=\u00a0\u00bbsimple\u00a0\u00bb column_border_width=\u00a0\u00bbnone\u00a0\u00bb column_border_style=\u00a0\u00bbsolid\u00a0\u00bb][vc_gallery css=\u00a0\u00bb\u00a0\u00bb type=\u00a0\u00bbflickity_style\u00a0\u00bb images=\u00a0\u00bb10896,10897,10898,10899,10900,10901,10902,10903,10904,10905,10906,10907,10908,10909,10910,10911&Prime; flickity_spacing=\u00a0\u00bbdefault\u00a0\u00bb flickity_controls=\u00a0\u00bbpagination\u00a0\u00bb flickity_overflow=\u00a0\u00bbhidden\u00a0\u00bb flickity_wrap_around=\u00a0\u00bbwrap\u00a0\u00bb flickity_desktop_columns=\u00a0\u00bb1&Prime; flickity_small_desktop_columns=\u00a0\u00bb1&Prime; flickity_tablet_columns=\u00a0\u00bb1&Prime; flickity_phone_columns=\u00a0\u00bb1&Prime; flickity_box_shadow=\u00a0\u00bbnone\u00a0\u00bb image_loading=\u00a0\u00bbdefault\u00a0\u00bb onclick=\u00a0\u00bblink_no\u00a0\u00bb][\/vc_column][\/vc_row]\n","protected":false},"excerpt":{"rendered":"<p>[vc_row type=\u00a0\u00bbin_container\u00a0\u00bb full_screen_row_position=\u00a0\u00bbmiddle\u00a0\u00bb column_margin=\u00a0\u00bbdefault\u00a0\u00bb column_direction=\u00a0\u00bbdefault\u00a0\u00bb column_direction_tablet=\u00a0\u00bbdefault\u00a0\u00bb column_direction_phone=\u00a0\u00bbdefault\u00a0\u00bb scene_position=\u00a0\u00bbcenter\u00a0\u00bb text_color=\u00a0\u00bbdark\u00a0\u00bb text_align=\u00a0\u00bbleft\u00a0\u00bb row_border_radius=\u00a0\u00bbnone\u00a0\u00bb row_border_radius_applies=\u00a0\u00bbbg\u00a0\u00bb row_position_desktop=\u00a0\u00bbdefault\u00a0\u00bb row_position_tablet=\u00a0\u00bbinherit\u00a0\u00bb row_position_phone=\u00a0\u00bbinherit\u00a0\u00bb overflow=\u00a0\u00bbvisible\u00a0\u00bb overlay_strength=\u00a0\u00bb0.3&Prime; gradient_direction=\u00a0\u00bbleft_to_right\u00a0\u00bb shape_divider_position=\u00a0\u00bbbottom\u00a0\u00bb bg_image_animation=\u00a0\u00bbnone\u00a0\u00bb][vc_column column_padding=\u00a0\u00bbno-extra-padding\u00a0\u00bb column_padding_tablet=\u00a0\u00bbinherit\u00a0\u00bb column_padding_phone=\u00a0\u00bbinherit\u00a0\u00bb column_padding_position=\u00a0\u00bball\u00a0\u00bb flex_gap_desktop=\u00a0\u00bb10px\u00a0\u00bb column_element_direction_desktop=\u00a0\u00bbdefault\u00a0\u00bb column_element_spacing=\u00a0\u00bbdefault\u00a0\u00bb desktop_text_alignment=\u00a0\u00bbdefault\u00a0\u00bb tablet_text_alignment=\u00a0\u00bbdefault\u00a0\u00bb phone_text_alignment=\u00a0\u00bbdefault\u00a0\u00bb&#8230;<\/p>\n","protected":false},"author":5,"featured_media":10910,"comment_status":"closed","ping_status":"closed","sticky":false,"template":"","format":"standard","meta":{"footnotes":""},"categories":[244,227,228],"tags":[],"class_list":["post-10912","post","type-post","status-publish","format-standard","has-post-thumbnail","category-hommage","category-z-featured","category-z-homeslider"],"_links":{"self":[{"href":"https:\/\/swiss-fencing.ch\/fr\/wp-json\/wp\/v2\/posts\/10912","targetHints":{"allow":["GET"]}}],"collection":[{"href":"https:\/\/swiss-fencing.ch\/fr\/wp-json\/wp\/v2\/posts"}],"about":[{"href":"https:\/\/swiss-fencing.ch\/fr\/wp-json\/wp\/v2\/types\/post"}],"author":[{"embeddable":true,"href":"https:\/\/swiss-fencing.ch\/fr\/wp-json\/wp\/v2\/users\/5"}],"replies":[{"embeddable":true,"href":"https:\/\/swiss-fencing.ch\/fr\/wp-json\/wp\/v2\/comments?post=10912"}],"version-history":[{"count":3,"href":"https:\/\/swiss-fencing.ch\/fr\/wp-json\/wp\/v2\/posts\/10912\/revisions"}],"predecessor-version":[{"id":10915,"href":"https:\/\/swiss-fencing.ch\/fr\/wp-json\/wp\/v2\/posts\/10912\/revisions\/10915"}],"wp:featuredmedia":[{"embeddable":true,"href":"https:\/\/swiss-fencing.ch\/fr\/wp-json\/wp\/v2\/media\/10910"}],"wp:attachment":[{"href":"https:\/\/swiss-fencing.ch\/fr\/wp-json\/wp\/v2\/media?parent=10912"}],"wp:term":[{"taxonomy":"category","embeddable":true,"href":"https:\/\/swiss-fencing.ch\/fr\/wp-json\/wp\/v2\/categories?post=10912"},{"taxonomy":"post_tag","embeddable":true,"href":"https:\/\/swiss-fencing.ch\/fr\/wp-json\/wp\/v2\/tags?post=10912"}],"curies":[{"name":"wp","href":"https:\/\/api.w.org\/{rel}","templated":true}]}}